{"id":2221,"date":"2023-03-13T13:38:01","date_gmt":"2023-03-13T13:38:01","guid":{"rendered":"https:\/\/talentsconnection.ch\/?p=2221"},"modified":"2023-11-29T15:42:04","modified_gmt":"2023-11-29T15:42:04","slug":"seniors-in-it","status":"publish","type":"post","link":"https:\/\/talentsconnection.ch\/fr\/seniors-in-it","title":{"rendered":"Seniors in IT"},"content":{"rendered":"\t\t<div data-elementor-type=\"wp-post\" data-elementor-id=\"2221\" class=\"elementor elementor-2221 elementor-751\" data-elementor-post-type=\"post\">\n\t\t\t\t\t\t<section class=\"elementor-section elementor-top-section elementor-element elementor-element-66fdf843 elementor-section-boxed elementor-section-height-default elementor-section-height-default\" data-id=\"66fdf843\" data-element_type=\"section\" data-e-type=\"section\">\n\t\t\t\t\t\t<div class=\"elementor-container elementor-column-gap-default\">\n\t\t\t\t\t<div class=\"elementor-column elementor-col-100 elementor-top-column elementor-element elementor-element-7299b4b3\" data-id=\"7299b4b3\" data-element_type=\"column\" data-e-type=\"column\">\n\t\t\t<div class=\"elementor-widget-wrap elementor-element-populated\">\n\t\t\t\t\t\t<section class=\"elementor-section elementor-inner-section elementor-element elementor-element-7e893297 elementor-section-boxed elementor-section-height-default elementor-section-height-default elementor-invisible\" data-id=\"7e893297\" data-element_type=\"section\" data-e-type=\"section\" data-settings=\"{&quot;animation&quot;:&quot;fadeInUp&quot;}\">\n\t\t\t\t\t\t<div class=\"elementor-container elementor-column-gap-default\">\n\t\t\t\t\t<div class=\"elementor-column elementor-col-100 elementor-inner-column elementor-element elementor-element-4da0c760\" data-id=\"4da0c760\" data-element_type=\"column\" data-e-type=\"column\">\n\t\t\t<div class=\"elementor-widget-wrap elementor-element-populated\">\n\t\t\t\t\t\t<div class=\"elementor-element elementor-element-33406b53 elementor-widget elementor-widget-text-editor\" data-id=\"33406b53\" data-element_type=\"widget\" data-e-type=\"widget\" data-widget_type=\"text-editor.default\">\n\t\t\t\t<div class=\"elementor-widget-container\">\n\t\t\t\t\t\t\t\t\t<p>Malgr\u00e9 des carri\u00e8res souvent riches, la cat\u00e9gorie des seniors \u00e9prouve des difficult\u00e9s \u00e0 \u00e9voluer professionnellement, se reconvertir, ou tout simplement se r\u00e9introduire dans le monde du travail.<br \/>\u00ab Trop chers \u00bb, \u00ab trop rigides \u00bb, \u00ab trop qualifi\u00e9s \u00bb ou encore \u2026 \u00ab trop vieux \u00bb ?<br \/>Prejudices!<br \/><br \/>A quel \u00e2ge devient-on senior ?<br \/>Si l\u2019\u00e2ge donn\u00e9 d\u00e9pend du secteur d\u2019activit\u00e9, il est dans le monde professionnel, \u00ab coutume \u00bb de d\u00e9signer toute personne de plus de 45 ans comme \u00e9tant senior\u2026 C\u2019est dire.<\/p><p>Voici deux pistes pour booster votre employabilit\u00e9.<\/p><p><strong>Les SSII, partenaires de votre carri\u00e8re<\/strong><br \/>Avec un taux de ch\u00f4mage d\u2019environ 4% (sur cette cat\u00e9gorie), vous pouvez \u00e9prouver des difficult\u00e9s \u00e0 trouver un emploi, malgr\u00e9 la l\u00e9gitimit\u00e9 de votre candidature (parcours, exp\u00e9riences, responsabilit\u00e9s).<br \/>Sachez que votre exp\u00e9rience a de la valeur, et \u00e7a, les SSII l\u2019ont bien compris.<br \/>En lien avec le march\u00e9 et les clients, elles sont pour la plupart \u00e0 m\u00eame d\u2019identifier vos forces, afin de d\u00e9fendre votre expertise et vous accompagner vers de nouveaux challenges.<\/p><p>Alors, faites-en vos alli\u00e9s !<\/p><p><strong>L\u2019employabilit\u00e9 gr\u00e2ce \u00e0 la formation continue<\/strong><br \/>Votre potentiel est r\u00e9el ! Afin d\u2019orienter\/booster votre carri\u00e8re, n\u2019h\u00e9sitez pas \u00e0 vous former aux nouvelles technologies sp\u00e9cifiques, le management de projet et tous autres aspects que vous souhaiterez valoriser. C\u2019est l\u2019occasion de certifier vos comp\u00e9tences, en acqu\u00e9rir de nouvelles et montrer que vous n\u2019en avez pas termin\u00e9.<\/p><p>Ce point est crucial et d\u00e9cisif dans un monde IT toujours plus rapidement transform\u00e9.<br \/>Notez que 30% des professionnels Suisses n\u2019ont suivi aucune formation au cours de ces 12 derniers mois.<br \/>De plus, si vous \u00eates en poste, la formation continue vous sera toujours b\u00e9n\u00e9fique dans le cadre d\u2019\u00e9volutions internes.<br \/>Par ailleurs, les employeurs sont de plus en plus enclins \u00e0 supporter une partie des co\u00fbts de formations.<\/p>\t\t\t\t\t\t\t\t<\/div>\n\t\t\t\t<\/div>\n\t\t\t\t\t<\/div>\n\t\t<\/div>\n\t\t\t\t\t<\/div>\n\t\t<\/section>\n\t\t\t\t\t<\/div>\n\t\t<\/div>\n\t\t\t\t\t<\/div>\n\t\t<\/section>\n\t\t\t\t<\/div>\n\t\t","protected":false},"excerpt":{"rendered":"<p>Despite often rich careers, the category of senior citizens finds it difficult to evolve professionally, to retrain, or simply to re-enter the working world.<br \/>\n\u00ab\u00a0Too expensive\u00a0\u00bb, \u00ab\u00a0too rigid\u00a0\u00bb, \u00ab\u00a0too qualified\u00a0\u00bb or even &#8230; \u00ab\u00a0too old\u00a0\u00bb?<br \/>\nPrejudices!<\/p>\n<p>At what age do you become a senior?<br \/>\nIf the age given depends on the sector of activity, it is \u00ab\u00a0customary\u00a0\u00bb in the professional world to designate anyone over the age of 45 as being senior.<\/p>\n","protected":false},"author":1,"featured_media":1540,"comment_status":"open","ping_status":"open","sticky":false,"template":"","format":"standard","meta":{"_acf_changed":false,"footnotes":""},"categories":[36],"tags":[],"class_list":["post-2221","post","type-post","status-publish","format-standard","has-post-thumbnail","hentry","category-employment"],"acf":[],"_links":{"self":[{"href":"https:\/\/talentsconnection.ch\/fr\/wp-json\/wp\/v2\/posts\/2221","targetHints":{"allow":["GET"]}}],"collection":[{"href":"https:\/\/talentsconnection.ch\/fr\/wp-json\/wp\/v2\/posts"}],"about":[{"href":"https:\/\/talentsconnection.ch\/fr\/wp-json\/wp\/v2\/types\/post"}],"author":[{"embeddable":true,"href":"https:\/\/talentsconnection.ch\/fr\/wp-json\/wp\/v2\/users\/1"}],"replies":[{"embeddable":true,"href":"https:\/\/talentsconnection.ch\/fr\/wp-json\/wp\/v2\/comments?post=2221"}],"version-history":[{"count":0,"href":"https:\/\/talentsconnection.ch\/fr\/wp-json\/wp\/v2\/posts\/2221\/revisions"}],"wp:featuredmedia":[{"embeddable":true,"href":"https:\/\/talentsconnection.ch\/fr\/wp-json\/wp\/v2\/media\/1540"}],"wp:attachment":[{"href":"https:\/\/talentsconnection.ch\/fr\/wp-json\/wp\/v2\/media?parent=2221"}],"wp:term":[{"taxonomy":"category","embeddable":true,"href":"https:\/\/talentsconnection.ch\/fr\/wp-json\/wp\/v2\/categories?post=2221"},{"taxonomy":"post_tag","embeddable":true,"href":"https:\/\/talentsconnection.ch\/fr\/wp-json\/wp\/v2\/tags?post=2221"}],"curies":[{"name":"wp","href":"https:\/\/api.w.org\/{rel}","templated":true}]}}