{"id":2271,"date":"2023-03-13T13:23:11","date_gmt":"2023-03-13T13:23:11","guid":{"rendered":"https:\/\/talentsconnection.ch\/?p=2271"},"modified":"2023-11-29T15:54:02","modified_gmt":"2023-11-29T15:54:02","slug":"les-12-erreurs-a-eviter-sur-votre-cv","status":"publish","type":"post","link":"https:\/\/talentsconnection.ch\/fr\/les-12-erreurs-a-eviter-sur-votre-cv","title":{"rendered":"Les 12 erreurs \u00e0 \u00e9viter sur votre cv"},"content":{"rendered":"\t\t<div data-elementor-type=\"wp-post\" data-elementor-id=\"2271\" class=\"elementor elementor-2271 elementor-658\" data-elementor-post-type=\"post\">\n\t\t\t\t\t\t<section class=\"elementor-section elementor-top-section elementor-element elementor-element-74ac748e elementor-section-boxed elementor-section-height-default elementor-section-height-default\" data-id=\"74ac748e\" data-element_type=\"section\" data-e-type=\"section\">\n\t\t\t\t\t\t<div class=\"elementor-container elementor-column-gap-default\">\n\t\t\t\t\t<div class=\"elementor-column elementor-col-100 elementor-top-column elementor-element elementor-element-5edc322\" data-id=\"5edc322\" data-element_type=\"column\" data-e-type=\"column\">\n\t\t\t<div class=\"elementor-widget-wrap elementor-element-populated\">\n\t\t\t\t\t\t<section class=\"elementor-section elementor-inner-section elementor-element elementor-element-48a8dbf4 elementor-section-boxed elementor-section-height-default elementor-section-height-default elementor-invisible\" data-id=\"48a8dbf4\" data-element_type=\"section\" data-e-type=\"section\" data-settings=\"{&quot;animation&quot;:&quot;fadeInUp&quot;}\">\n\t\t\t\t\t\t<div class=\"elementor-container elementor-column-gap-default\">\n\t\t\t\t\t<div class=\"elementor-column elementor-col-100 elementor-inner-column elementor-element elementor-element-54d173c\" data-id=\"54d173c\" data-element_type=\"column\" data-e-type=\"column\">\n\t\t\t<div class=\"elementor-widget-wrap elementor-element-populated\">\n\t\t\t\t\t\t<div class=\"elementor-element elementor-element-5f637542 elementor-widget elementor-widget-text-editor\" data-id=\"5f637542\" data-element_type=\"widget\" data-e-type=\"widget\" data-widget_type=\"text-editor.default\">\n\t\t\t\t<div class=\"elementor-widget-container\">\n\t\t\t\t\t\t\t\t\t<p>1. Un cv qui n\u2019est pas \u00e0 jour<br \/>2. Un cv qui comporte des erreurs dans les dates<br \/>3.\u00a0<a href=\"https:\/\/www.cadre-dirigeant-magazine.com\/recruter\/lorthographe-ma-tuer\/\">3. Des fautes d\u2019orthographe ou de frappe<\/a><br \/>4. Manque de coh\u00e9rence entre les comp\u00e9tences pr\u00e9tendues et les exp\u00e9riences professionnelles<br \/>5. Une adresse e-mail plus valable, compliqu\u00e9e, avec un nom douteux.<br \/>6. Des photos qui vous montrent \u00e0 la plage\u2026 plus d\u2019informations sur la photo dans notre autre article.<br \/>7. Votre lien sur votre profil Linkedin est d\u00e9pass\u00e9 ou n\u2019indique pas les m\u00eames informations que votre cv<br \/>8. Vocabulaire non professionnel ou trop de jargon<br \/>9. Un objectif professionnel qui n\u2019en est pas un comme par exemple: \u00ab avoir un nouveau challenge dans une \u00e9quipe dynamique \u00bb<br \/>10. Vous ciblez trop de postes \u00e0 la fois<br \/>11. Un CV affirmatif et non d\u00e9monstratif<br \/>12. Niveaux linguistiques flous ou incorrects<\/p>\t\t\t\t\t\t\t\t<\/div>\n\t\t\t\t<\/div>\n\t\t\t\t\t<\/div>\n\t\t<\/div>\n\t\t\t\t\t<\/div>\n\t\t<\/section>\n\t\t\t\t\t<\/div>\n\t\t<\/div>\n\t\t\t\t\t<\/div>\n\t\t<\/section>\n\t\t\t\t<\/div>\n\t\t","protected":false},"excerpt":{"rendered":"<p>1.    An out-of-date CV<br \/>\n2.    A CV with errors in the dates<br \/>\n3.    Spelling or typing errors<br \/>\n4.    Lack of consistency between claimed skills and work experience<br \/>\n5.    A more valid e-mail address, complicated<\/p>\n","protected":false},"author":1,"featured_media":1530,"comment_status":"open","ping_status":"open","sticky":false,"template":"","format":"standard","meta":{"_acf_changed":false,"footnotes":""},"categories":[36],"tags":[],"class_list":["post-2271","post","type-post","status-publish","format-standard","has-post-thumbnail","hentry","category-employment"],"acf":[],"_links":{"self":[{"href":"https:\/\/talentsconnection.ch\/fr\/wp-json\/wp\/v2\/posts\/2271","targetHints":{"allow":["GET"]}}],"collection":[{"href":"https:\/\/talentsconnection.ch\/fr\/wp-json\/wp\/v2\/posts"}],"about":[{"href":"https:\/\/talentsconnection.ch\/fr\/wp-json\/wp\/v2\/types\/post"}],"author":[{"embeddable":true,"href":"https:\/\/talentsconnection.ch\/fr\/wp-json\/wp\/v2\/users\/1"}],"replies":[{"embeddable":true,"href":"https:\/\/talentsconnection.ch\/fr\/wp-json\/wp\/v2\/comments?post=2271"}],"version-history":[{"count":0,"href":"https:\/\/talentsconnection.ch\/fr\/wp-json\/wp\/v2\/posts\/2271\/revisions"}],"wp:featuredmedia":[{"embeddable":true,"href":"https:\/\/talentsconnection.ch\/fr\/wp-json\/wp\/v2\/media\/1530"}],"wp:attachment":[{"href":"https:\/\/talentsconnection.ch\/fr\/wp-json\/wp\/v2\/media?parent=2271"}],"wp:term":[{"taxonomy":"category","embeddable":true,"href":"https:\/\/talentsconnection.ch\/fr\/wp-json\/wp\/v2\/categories?post=2271"},{"taxonomy":"post_tag","embeddable":true,"href":"https:\/\/talentsconnection.ch\/fr\/wp-json\/wp\/v2\/tags?post=2271"}],"curies":[{"name":"wp","href":"https:\/\/api.w.org\/{rel}","templated":true}]}}